{"id":1967,"date":"2021-07-12T04:00:00","date_gmt":"2021-07-12T03:00:00","guid":{"rendered":"https:\/\/dt4s.eu\/?p=1967"},"modified":"2021-07-14T13:36:51","modified_gmt":"2021-07-14T12:36:51","slug":"design-thinking-for-sustainability-education-project-management-meeting-was-held-online-3","status":"publish","type":"post","link":"https:\/\/dt4s.eu\/tr\/2021\/07\/12\/design-thinking-for-sustainability-education-project-management-meeting-was-held-online-3\/","title":{"rendered":"S\u00fcrd\u00fcr\u00fclebilirlik E\u011fitiminde Tasar\u0131m Odakl\u0131 D\u00fc\u015f\u00fcnme (DT4S) Projesi  Ulus\u00f6tesi Proje Y\u00f6netim Toplant\u0131s\u0131 \u00c7evrim \u0130\u00e7i Olarak Ger\u00e7ekle\u015ftirildi"},"content":{"rendered":"\n<p>\u0130stanbul Valili\u011fi ad\u0131na Avrupa Birli\u011fi ve D\u0131\u015f \u0130li\u015fkiler B\u00fcrosu taraf\u0131ndan ger\u00e7ekle\u015ftirilmekte olan 2019-1-TR01-KA201-076710 s\u00f6zle\u015fme numaral\u0131 \u201cDesign Thinking For Sustainability Education (S\u00fcrd\u00fcr\u00fclebilirlik E\u011fitiminde Tasar\u0131m Odakl\u0131 D\u00fc\u015f\u00fcnme) Projesi, &nbsp;Erasmus+&nbsp; Program\u0131 Okul E\u011fitimi alan\u0131nda (Stratejik Ortakl\u0131klar) kapsam\u0131nda T\u00fcrkiye Ulusal Ajans\u0131 vas\u0131tas\u0131yla Avrupa Komisyonu taraf\u0131ndan desteklenmektedir. \u0130stanbul Valili\u011finin koordinat\u00f6r\u00fc oldu\u011fu DT4S Projesi 01\/09\/2021 \u2013 31\/08\/2022 tarihleri aras\u0131nda ger\u00e7ekle\u015ftirilmektedir.<\/p>\n\n\n\n<p>Projenin temel hedefi 12-16 ya\u015f aras\u0131 orta\u00f6\u011fretim \u00f6\u011frencilerini s\u00fcrd\u00fcr\u00fclebilir kalk\u0131nma uygulamalar\u0131na aktif olarak kat\u0131lmaya haz\u0131rlamak i\u00e7in onlar\u0131n fark\u0131ndal\u0131\u011f\u0131n\u0131 artt\u0131rmak; temel bilgi, olumlu tutumlar, problem \u00e7\u00f6zme becerileri, i\u015f birli\u011fi yetene\u011fi ve yenilik\u00e7i \u00e7\u00f6z\u00fcmler ile sentezleme becerilerini geli\u015ftirmeyi sa\u011flamakt\u0131r.<\/p>\n\n\n\n<p>Uluslararas\u0131 proje y\u00f6netim toplant\u0131s\u0131 12.07.2021 tarihinde t\u00fcm proje ortak kurumlar\u0131n\u0131n kat\u0131l\u0131m\u0131yla \u00e7evrim i\u00e7i ger\u00e7ekle\u015ftirildi. Toplant\u0131da DT4S platformu, s\u00fcrd\u00fcr\u00fclebilirlik e\u011fitimi faaliyetleri ve \u00f6\u011fretim s\u00fcreci destekleyecek materyaller \u00fczerine g\u00f6r\u00fc\u015f ve fikir payla\u015f\u0131m\u0131 yap\u0131ld\u0131.<\/p>\n\n\n\n<p>Projenin bir sonraki proje y\u00f6netim toplant\u0131s\u0131n\u0131n 16-17 Kas\u0131m 2021 tarihlerinde Portekiz\u2019de &nbsp;y\u00fcz y\u00fcze ger\u00e7ekle\u015ftirilmesi planlanmaktad\u0131r.<\/p>\n","protected":false},"excerpt":{"rendered":"<p>\u0130stanbul Valili\u011fi ad\u0131na Avrupa Birli\u011fi ve D\u0131\u015f \u0130li\u015fkiler B\u00fcrosu taraf\u0131ndan ger\u00e7ekle\u015ftirilmekte olan 2019-1-TR01-KA201-076710 s\u00f6zle\u015fme numaral\u0131 \u201cDesign Thinking For Sustainability Education (S\u00fcrd\u00fcr\u00fclebilirlik E\u011fitiminde Tasar\u0131m Odakl\u0131 D\u00fc\u015f\u00fcnme) Projesi, &nbsp;Erasmus+&nbsp; Program\u0131 Okul E\u011fitimi alan\u0131nda (Stratejik Ortakl\u0131klar) kapsam\u0131nda T\u00fcrkiye Ulusal Ajans\u0131 vas\u0131tas\u0131yla Avrupa Komisyonu<\/p>\n","protected":false},"author":1,"featured_media":1970,"comment_status":"closed","ping_status":"closed","sticky":false,"template":"","format":"standard","meta":{"footnotes":""},"categories":[3],"tags":[],"class_list":["post-1967","post","type-post","status-publish","format-standard","has-post-thumbnail","hentry","category-news"],"translation":{"provider":"WPGlobus","version":"3.0.0","language":"tr","enabled_languages":["en","tr","gr","pt","ro","ee"],"languages":{"en":{"title":true,"content":true,"excerpt":false},"tr":{"title":true,"content":true,"excerpt":false},"gr":{"title":false,"content":false,"excerpt":false},"pt":{"title":false,"content":false,"excerpt":false},"ro":{"title":false,"content":false,"excerpt":false},"ee":{"title":false,"content":false,"excerpt":false}}},"_links":{"self":[{"href":"https:\/\/dt4s.eu\/tr\/wp-json\/wp\/v2\/posts\/1967","targetHints":{"allow":["GET"]}}],"collection":[{"href":"https:\/\/dt4s.eu\/tr\/wp-json\/wp\/v2\/posts"}],"about":[{"href":"https:\/\/dt4s.eu\/tr\/wp-json\/wp\/v2\/types\/post"}],"author":[{"embeddable":true,"href":"https:\/\/dt4s.eu\/tr\/wp-json\/wp\/v2\/users\/1"}],"replies":[{"embeddable":true,"href":"https:\/\/dt4s.eu\/tr\/wp-json\/wp\/v2\/comments?post=1967"}],"version-history":[{"count":2,"href":"https:\/\/dt4s.eu\/tr\/wp-json\/wp\/v2\/posts\/1967\/revisions"}],"predecessor-version":[{"id":1972,"href":"https:\/\/dt4s.eu\/tr\/wp-json\/wp\/v2\/posts\/1967\/revisions\/1972"}],"wp:featuredmedia":[{"embeddable":true,"href":"https:\/\/dt4s.eu\/tr\/wp-json\/wp\/v2\/media\/1970"}],"wp:attachment":[{"href":"https:\/\/dt4s.eu\/tr\/wp-json\/wp\/v2\/media?parent=1967"}],"wp:term":[{"taxonomy":"category","embeddable":true,"href":"https:\/\/dt4s.eu\/tr\/wp-json\/wp\/v2\/categories?post=1967"},{"taxonomy":"post_tag","embeddable":true,"href":"https:\/\/dt4s.eu\/tr\/wp-json\/wp\/v2\/tags?post=1967"}],"curies":[{"name":"wp","href":"https:\/\/api.w.org\/{rel}","templated":true}]}}